{"id":5862,"date":"2026-09-01T16:03:25","date_gmt":"2026-09-01T19:03:25","guid":{"rendered":"https:\/\/freemind.com.br\/blog\/?p=5862"},"modified":"2026-09-01T16:03:25","modified_gmt":"2026-09-01T19:03:25","slug":"setembro-amarelo-prevencao-do-suicidio","status":"publish","type":"post","link":"https:\/\/freemind.com.br\/blog\/setembro-amarelo-prevencao-do-suicidio\/","title":{"rendered":"Setembro Amarelo: preven\u00e7\u00e3o do suic\u00eddio e valoriza\u00e7\u00e3o da vida"},"content":{"rendered":"<h1><span style=\"color: #baba09;\">Falar sobre suic\u00eddio \u00e9 tamb\u00e9m falar sobre preven\u00e7\u00e3o e valoriza\u00e7\u00e3o da vida<\/span><\/h1>\n<p class=\"isSelectedEnd\">Setembro \u00e9 marcado por uma importante mobiliza\u00e7\u00e3o em torno da sa\u00fade mental, da preven\u00e7\u00e3o do suic\u00eddio e da valoriza\u00e7\u00e3o da vida. O <span style=\"color: #008080;\"><strong>Setembro Amarelo<\/strong><\/span>, atualmente institu\u00eddo oficialmente no Brasil pela Lei n\u00ba 15.199\/2025, promove durante todo o m\u00eas a\u00e7\u00f5es de conscientiza\u00e7\u00e3o relacionadas \u00e0 preven\u00e7\u00e3o do suic\u00eddio e da automutila\u00e7\u00e3o, \u00e0 promo\u00e7\u00e3o da sa\u00fade mental, \u00e0 redu\u00e7\u00e3o do estigma e ao incentivo \u00e0 busca por ajuda.<\/p>\n<p class=\"isSelectedEnd\">Mais do que um per\u00edodo de conscientiza\u00e7\u00e3o, a campanha \u00e9 um convite para <span style=\"color: #008080;\"><strong>quebrarmos o sil\u00eancio e enfrentarmos os estigmas que ainda cercam o sofrimento emocional<\/strong>.<\/span> Falar sobre sa\u00fade mental, reconhecer situa\u00e7\u00f5es de sofrimento e ampliar o acesso \u00e0 informa\u00e7\u00e3o e ao cuidado s\u00e3o partes importantes de uma estrat\u00e9gia de preven\u00e7\u00e3o.<\/p>\n<p>&nbsp;<\/p>\n<h2><span style=\"color: #baba09;\">Por que falar sobre suic\u00eddio \u00e9 t\u00e3o importante?<\/span><\/h2>\n<p class=\"isSelectedEnd\">O suic\u00eddio \u00e9 uma quest\u00e3o de sa\u00fade p\u00fablica que afeta indiv\u00edduos, fam\u00edlias e comunidades. Segundo a Organiza\u00e7\u00e3o Mundial da Sa\u00fade (OMS), mais de <span style=\"color: #008080;\"><strong>720 mil pessoas morrem por suic\u00eddio todos os anos no mundo<\/strong><\/span>, e o suic\u00eddio est\u00e1 entre as principais causas de morte entre jovens de 15 a 29 anos.<\/p>\n<p class=\"isSelectedEnd\">No entanto, compreender o suic\u00eddio exige ir al\u00e9m de explica\u00e7\u00f5es simplistas. Trata-se de um fen\u00f4meno <span style=\"color: #008080;\"><strong>complexo e multifatorial<\/strong><\/span>, no qual diferentes fatores podem se combinar ao longo da vida. Quest\u00f5es relacionadas \u00e0 sa\u00fade mental, experi\u00eancias traum\u00e1ticas, isolamento social, conflitos familiares, dificuldades econ\u00f4micas, perdas, discrimina\u00e7\u00e3o, uso problem\u00e1tico de \u00e1lcool e outras drogas e dificuldades de acesso aos servi\u00e7os de sa\u00fade podem contribuir para situa\u00e7\u00f5es de maior vulnerabilidade.<\/p>\n<p class=\"isSelectedEnd\">Isso n\u00e3o significa que a presen\u00e7a de um desses fatores determine que uma pessoa desenvolver\u00e1 comportamento suicida. Da mesma forma, n\u00e3o existe um \u00fanico perfil de pessoa em risco. A preven\u00e7\u00e3o precisa considerar a hist\u00f3ria, o contexto e as necessidades de cada indiv\u00edduo.<\/p>\n<p>&nbsp;<\/p>\n<h2><span style=\"color: #baba09;\">O sil\u00eancio n\u00e3o protege: o di\u00e1logo pode abrir caminhos<\/span><\/h2>\n<p class=\"isSelectedEnd\">Durante muito tempo, falar sobre suic\u00eddio foi cercado pela ideia de que mencionar o assunto poderia incentivar esse comportamento. As evid\u00eancias dispon\u00edveis n\u00e3o sustentam essa ideia. A OMS afirma que <span style=\"color: #008080;\"><strong>conversar abertamente sobre suic\u00eddio pode oferecer alternativas e tempo para que uma pessoa repense uma decis\u00e3o<\/strong><\/span>, contribuindo para a preven\u00e7\u00e3o.<\/p>\n<p class=\"isSelectedEnd\">Por isso, o erro n\u00e3o est\u00e1 em dialogar sobre o assunto, mas em tratar o sofrimento como algo que deve permanecer escondido.<\/p>\n<p class=\"isSelectedEnd\">Uma conversa cuidadosa, um ouvido atento e uma atitude de acolhimento podem ajudar uma pessoa a perceber que ela n\u00e3o precisa enfrentar aquele momento sozinha. Isso n\u00e3o significa assumir o papel de profissional de sa\u00fade, mas estar dispon\u00edvel para ouvir sem julgamentos e, quando necess\u00e1rio, incentivar a busca por ajuda especializada.<\/p>\n<p>&nbsp;<\/p>\n<h2><span style=\"color: #baba09;\">Preven\u00e7\u00e3o tamb\u00e9m significa reconhecer fatores de risco e prote\u00e7\u00e3o<\/span><\/h2>\n<p class=\"isSelectedEnd\">A ci\u00eancia mostra que a preven\u00e7\u00e3o do suic\u00eddio n\u00e3o depende de uma \u00fanica a\u00e7\u00e3o. A OMS recomenda uma abordagem ampla, que envolva diferentes setores da sociedade e combine estrat\u00e9gias baseadas em evid\u00eancias. Entre elas est\u00e3o a identifica\u00e7\u00e3o precoce de pessoas em sofrimento, o acompanhamento adequado, o desenvolvimento de habilidades socioemocionais e a redu\u00e7\u00e3o do acesso a meios utilizados para o suic\u00eddio.<\/p>\n<p class=\"isSelectedEnd\">Ao mesmo tempo, \u00e9 fundamental fortalecer os <span style=\"color: #008080;\"><strong>fatores de prote\u00e7\u00e3o<\/strong><\/span>. Rela\u00e7\u00f5es familiares e sociais positivas, v\u00ednculos comunit\u00e1rios, acesso a servi\u00e7os de sa\u00fade, habilidades para lidar com problemas e situa\u00e7\u00f5es de crise e a possibilidade de buscar ajuda podem contribuir para aumentar a capacidade de enfrentamento diante de situa\u00e7\u00f5es dif\u00edceis.<\/p>\n<p class=\"isSelectedEnd\">Nesse sentido, promover sa\u00fade mental n\u00e3o significa apenas agir quando uma crise j\u00e1 est\u00e1 instalada. Significa tamb\u00e9m construir, ao longo da vida, ambientes mais acolhedores, redes de apoio e condi\u00e7\u00f5es que favore\u00e7am o bem-estar e a conex\u00e3o social.<\/p>\n<p>&nbsp;<\/p>\n<h2><span style=\"color: #baba09;\">O papel da fam\u00edlia, da comunidade e das institui\u00e7\u00f5es<\/span><\/h2>\n<p class=\"isSelectedEnd\">A preven\u00e7\u00e3o do suic\u00eddio \u00e9 uma responsabilidade compartilhada. Fam\u00edlias, escolas, servi\u00e7os de sa\u00fade, organiza\u00e7\u00f5es sociais, empresas, universidades, governos e meios de comunica\u00e7\u00e3o podem contribuir para a constru\u00e7\u00e3o de uma sociedade mais preparada para reconhecer o sofrimento e oferecer apoio.<\/p>\n<p class=\"isSelectedEnd\">A comunica\u00e7\u00e3o tamb\u00e9m precisa ser respons\u00e1vel. A OMS recomenda que informa\u00e7\u00f5es sobre suic\u00eddio sejam divulgadas sem sensacionalismo, sem detalhamento de m\u00e9todos e evitando abordagens que possam romantizar ou normalizar o comportamento. Por outro lado, hist\u00f3rias de esperan\u00e7a, recupera\u00e7\u00e3o e supera\u00e7\u00e3o de crises podem contribuir para mensagens de preven\u00e7\u00e3o.<\/p>\n<p>&nbsp;<\/p>\n<h2><span style=\"color: #baba09;\">Setembro Amarelo: uma oportunidade para transformar o sil\u00eancio em cuidado<\/span><\/h2>\n<p class=\"isSelectedEnd\">O Setembro Amarelo nos lembra que preven\u00e7\u00e3o n\u00e3o se resume a uma campanha ou a um m\u00eas do ano. \u00c9 um compromisso cont\u00ednuo com a sa\u00fade mental, com o acolhimento e com a valoriza\u00e7\u00e3o da vida.<\/p>\n<p class=\"isSelectedEnd\">Falar sobre suic\u00eddio com responsabilidade \u00e9 importante. Escutar sem julgamentos \u00e9 importante. Reconhecer sinais de sofrimento \u00e9 importante. Facilitar o acesso ao cuidado tamb\u00e9m \u00e9 importante.<\/p>\n<p class=\"isSelectedEnd\"><span style=\"color: #008080;\"><strong>O di\u00e1logo n\u00e3o substitui o atendimento profissional, mas pode ser o primeiro passo para que algu\u00e9m aceite buscar ajuda.<\/strong><\/span><\/p>\n<p class=\"isSelectedEnd\">Se voc\u00ea ou algu\u00e9m que voc\u00ea conhece est\u00e1 passando por um momento dif\u00edcil, n\u00e3o hesite em procurar apoio. Em situa\u00e7\u00f5es de sofrimento intenso ou risco imediato, \u00e9 fundamental buscar um servi\u00e7o de sa\u00fade ou atendimento de emerg\u00eancia. No Brasil, o <span style=\"color: #008080;\"><strong>Centro de Valoriza\u00e7\u00e3o da Vida (CVV) oferece apoio emocional pelo telefone 188, gratuitamente<\/strong>.<\/span><\/p>\n<p class=\"isSelectedEnd\">O Setembro Amarelo \u00e9, acima de tudo, um convite para lembrar que ningu\u00e9m precisa enfrentar o sofrimento em sil\u00eancio.<\/p>\n<blockquote>\n<h3 class=\"isSelectedEnd\"><strong>Falar \u00e9 importante. Escutar tamb\u00e9m. Pedir ajuda \u00e9 um ato de cuidado.<\/strong><\/h3>\n<h3><span style=\"color: #008080;\">Juntos, podemos fazer a diferen\u00e7a. Voc\u00ea n\u00e3o est\u00e1 s\u00f3.<\/span><\/h3>\n<\/blockquote>\n<p>&nbsp;<\/p>\n<p><em><strong>Quer acompanhar conte\u00fados que unem ci\u00eancia, preven\u00e7\u00e3o, sa\u00fade mental, acolhimento e valoriza\u00e7\u00e3o da vida? Continue no blog da Freemind e explore nossos conte\u00fados sobre preven\u00e7\u00e3o do suic\u00eddio, sa\u00fade mental, depend\u00eancias qu\u00edmicas, v\u00edcios comportamentais, rela\u00e7\u00f5es familiares e cuidado integral.<\/strong><\/em><\/p>\n","protected":false},"excerpt":{"rendered":"<p>Falar sobre suic\u00eddio \u00e9 tamb\u00e9m falar sobre preven\u00e7\u00e3o e valoriza\u00e7\u00e3o da vida Setembro \u00e9 marcado por uma importante mobiliza\u00e7\u00e3o em torno da sa\u00fade mental, da preven\u00e7\u00e3o do suic\u00eddio e da [&hellip;]<\/p>\n","protected":false},"author":1,"featured_media":5868,"comment_status":"open","ping_status":"open","sticky":false,"template":"","format":"standard","meta":{"breadcrumbs_single_post":"","page_title_panel":"","breadcrumbs_single_page":"","single_page_alignment":"","single_page_margin":"","page_structure_type":"","content_style_source":"","content_style":"","blog_post_streched_ed":"","blog_page_streched_ed":"","has_transparent_header":"","disable_transparent_header":"","vertical_spacing_source":"","content_area_spacing":"","single_post_content_background":"","single_page_content_background":"","single_post_boxed_content_spacing":"","single_page_boxed_content_spacing":"","single_post_content_boxed_radius":"","single_page_content_boxed_radius":"","disable_featured_image":"","disable_post_tags":"","disable_author_box":"","disable_posts_navigation":"","disable_comments":"","disable_related_posts":"","disable_header":"","disable_footer":"","footnotes":""},"categories":[17,4466],"tags":[1068,2630,3203,3678,3773,3880],"class_list":["post-5862","post","type-post","status-publish","format-standard","has-post-thumbnail","hentry","category-prevencao","category-saude-mental","tag-cuidado","tag-morte","tag-prevencao-2","tag-saude-mental","tag-silencio","tag-suicidio","rishi-post"],"yoast_head":"<!-- This site is optimized with the Yoast SEO plugin v27.2 - https:\/\/yoast.com\/product\/yoast-seo-wordpress\/ -->\n<title>Setembro Amarelo: preven\u00e7\u00e3o do suic\u00eddio e valoriza\u00e7\u00e3o da vida - Blog Freemind<\/title>\n<meta name=\"description\" content=\"Setembro Amarelo: entenda a import\u00e2ncia da preven\u00e7\u00e3o do suic\u00eddio, da sa\u00fade mental e do di\u00e1logo para combater o estigma e valorizar a vida.\" \/>\n<meta name=\"robots\" content=\"index, follow, max-snippet:-1, max-image-preview:large, max-video-preview:-1\" \/>\n<link rel=\"canonical\" href=\"https:\/\/freemind.com.br\/blog\/setembro-amarelo-prevencao-do-suicidio\/\" \/>\n<meta property=\"og:locale\" content=\"pt_BR\" \/>\n<meta property=\"og:type\" content=\"article\" \/>\n<meta property=\"og:title\" content=\"Setembro Amarelo: preven\u00e7\u00e3o do suic\u00eddio e valoriza\u00e7\u00e3o da vida - Blog Freemind\" \/>\n<meta property=\"og:description\" content=\"Setembro Amarelo: entenda a import\u00e2ncia da preven\u00e7\u00e3o do suic\u00eddio, da sa\u00fade mental e do di\u00e1logo para combater o estigma e valorizar a vida.\" \/>\n<meta property=\"og:url\" content=\"https:\/\/freemind.com.br\/blog\/setembro-amarelo-prevencao-do-suicidio\/\" \/>\n<meta property=\"og:site_name\" content=\"Blog Freemind\" \/>\n<meta property=\"article:publisher\" content=\"https:\/\/www.facebook.com\/EspiritoFreemind\/\" \/>\n<meta property=\"article:published_time\" content=\"2026-09-01T19:03:25+00:00\" \/>\n<meta property=\"og:image\" content=\"http:\/\/freemind.com.br\/blog\/wp-content\/uploads\/2026\/09\/blog-SETEMBRO-AMARELO-Campanha-Nacional-de-Conscientizacao-sobre-a-Prevencao-do-Suicidio-e-a-Valo.jpg-scaled.jpeg\" \/>\n\t<meta property=\"og:image:width\" content=\"2560\" \/>\n\t<meta property=\"og:image:height\" content=\"1440\" \/>\n\t<meta property=\"og:image:type\" content=\"image\/jpeg\" \/>\n<meta name=\"author\" content=\"admin\" \/>\n<meta name=\"twitter:card\" content=\"summary_large_image\" \/>\n<meta name=\"twitter:creator\" content=\"@FreemindBrasil\" \/>\n<meta name=\"twitter:site\" content=\"@FreemindBrasil\" \/>\n<meta name=\"twitter:label1\" content=\"Escrito por\" \/>\n\t<meta name=\"twitter:data1\" content=\"admin\" \/>\n\t<meta name=\"twitter:label2\" content=\"Est. tempo de leitura\" \/>\n\t<meta name=\"twitter:data2\" content=\"5 minutos\" \/>\n<script type=\"application\/ld+json\" class=\"yoast-schema-graph\">{\"@context\":\"https:\/\/schema.org\",\"@graph\":[{\"@type\":\"Article\",\"@id\":\"https:\/\/freemind.com.br\/blog\/setembro-amarelo-prevencao-do-suicidio\/#article\",\"isPartOf\":{\"@id\":\"https:\/\/freemind.com.br\/blog\/setembro-amarelo-prevencao-do-suicidio\/\"},\"author\":{\"name\":\"admin\",\"@id\":\"http:\/\/freemind.com.br\/blog\/#\/schema\/person\/db59816e4f3908642eb2c6e23cfc7bf6\"},\"headline\":\"Setembro Amarelo: preven\u00e7\u00e3o do suic\u00eddio e valoriza\u00e7\u00e3o da vida\",\"datePublished\":\"2026-09-01T19:03:25+00:00\",\"mainEntityOfPage\":{\"@id\":\"https:\/\/freemind.com.br\/blog\/setembro-amarelo-prevencao-do-suicidio\/\"},\"wordCount\":1058,\"commentCount\":0,\"publisher\":{\"@id\":\"http:\/\/freemind.com.br\/blog\/#organization\"},\"image\":{\"@id\":\"https:\/\/freemind.com.br\/blog\/setembro-amarelo-prevencao-do-suicidio\/#primaryimage\"},\"thumbnailUrl\":\"https:\/\/freemind.com.br\/blog\/wp-content\/uploads\/2026\/09\/blog-SETEMBRO-AMARELO-Campanha-Nacional-de-Conscientizacao-sobre-a-Prevencao-do-Suicidio-e-a-Valo.jpg-scaled.jpeg\",\"keywords\":[\"Cuidado\",\"Morte\",\"Prevencao\",\"Sa\u00fade Mental\",\"Sil\u00eancio\",\"Suic\u00eddio\"],\"articleSection\":[\"Preven\u00e7\u00e3o\",\"Sa\u00fade Mental\"],\"inLanguage\":\"pt-BR\",\"potentialAction\":[{\"@type\":\"CommentAction\",\"name\":\"Comment\",\"target\":[\"https:\/\/freemind.com.br\/blog\/setembro-amarelo-prevencao-do-suicidio\/#respond\"]}]},{\"@type\":\"WebPage\",\"@id\":\"https:\/\/freemind.com.br\/blog\/setembro-amarelo-prevencao-do-suicidio\/\",\"url\":\"https:\/\/freemind.com.br\/blog\/setembro-amarelo-prevencao-do-suicidio\/\",\"name\":\"Setembro Amarelo: preven\u00e7\u00e3o do suic\u00eddio e valoriza\u00e7\u00e3o da vida - Blog Freemind\",\"isPartOf\":{\"@id\":\"http:\/\/freemind.com.br\/blog\/#website\"},\"primaryImageOfPage\":{\"@id\":\"https:\/\/freemind.com.br\/blog\/setembro-amarelo-prevencao-do-suicidio\/#primaryimage\"},\"image\":{\"@id\":\"https:\/\/freemind.com.br\/blog\/setembro-amarelo-prevencao-do-suicidio\/#primaryimage\"},\"thumbnailUrl\":\"https:\/\/freemind.com.br\/blog\/wp-content\/uploads\/2026\/09\/blog-SETEMBRO-AMARELO-Campanha-Nacional-de-Conscientizacao-sobre-a-Prevencao-do-Suicidio-e-a-Valo.jpg-scaled.jpeg\",\"datePublished\":\"2026-09-01T19:03:25+00:00\",\"description\":\"Setembro Amarelo: entenda a import\u00e2ncia da preven\u00e7\u00e3o do suic\u00eddio, da sa\u00fade mental e do di\u00e1logo para combater o estigma e valorizar a vida.\",\"breadcrumb\":{\"@id\":\"https:\/\/freemind.com.br\/blog\/setembro-amarelo-prevencao-do-suicidio\/#breadcrumb\"},\"inLanguage\":\"pt-BR\",\"potentialAction\":[{\"@type\":\"ReadAction\",\"target\":[\"https:\/\/freemind.com.br\/blog\/setembro-amarelo-prevencao-do-suicidio\/\"]}]},{\"@type\":\"ImageObject\",\"inLanguage\":\"pt-BR\",\"@id\":\"https:\/\/freemind.com.br\/blog\/setembro-amarelo-prevencao-do-suicidio\/#primaryimage\",\"url\":\"https:\/\/freemind.com.br\/blog\/wp-content\/uploads\/2026\/09\/blog-SETEMBRO-AMARELO-Campanha-Nacional-de-Conscientizacao-sobre-a-Prevencao-do-Suicidio-e-a-Valo.jpg-scaled.jpeg\",\"contentUrl\":\"https:\/\/freemind.com.br\/blog\/wp-content\/uploads\/2026\/09\/blog-SETEMBRO-AMARELO-Campanha-Nacional-de-Conscientizacao-sobre-a-Prevencao-do-Suicidio-e-a-Valo.jpg-scaled.jpeg\",\"width\":2560,\"height\":1440},{\"@type\":\"BreadcrumbList\",\"@id\":\"https:\/\/freemind.com.br\/blog\/setembro-amarelo-prevencao-do-suicidio\/#breadcrumb\",\"itemListElement\":[{\"@type\":\"ListItem\",\"position\":1,\"name\":\"Home\",\"item\":\"http:\/\/freemind.com.br\/blog\/\"},{\"@type\":\"ListItem\",\"position\":2,\"name\":\"Setembro Amarelo: preven\u00e7\u00e3o do suic\u00eddio e valoriza\u00e7\u00e3o da vida\"}]},{\"@type\":\"WebSite\",\"@id\":\"http:\/\/freemind.com.br\/blog\/#website\",\"url\":\"http:\/\/freemind.com.br\/blog\/\",\"name\":\"Blog Freemind\",\"description\":\"Blog Freemind\",\"publisher\":{\"@id\":\"http:\/\/freemind.com.br\/blog\/#organization\"},\"potentialAction\":[{\"@type\":\"SearchAction\",\"target\":{\"@type\":\"EntryPoint\",\"urlTemplate\":\"http:\/\/freemind.com.br\/blog\/?s={search_term_string}\"},\"query-input\":{\"@type\":\"PropertyValueSpecification\",\"valueRequired\":true,\"valueName\":\"search_term_string\"}}],\"inLanguage\":\"pt-BR\"},{\"@type\":\"Organization\",\"@id\":\"http:\/\/freemind.com.br\/blog\/#organization\",\"name\":\"Blog Freemind\",\"url\":\"http:\/\/freemind.com.br\/blog\/\",\"logo\":{\"@type\":\"ImageObject\",\"inLanguage\":\"pt-BR\",\"@id\":\"http:\/\/freemind.com.br\/blog\/#\/schema\/logo\/image\/\",\"url\":\"https:\/\/freemind.com.br\/blog\/wp-content\/uploads\/2025\/06\/logo-freemind-2019-preto.png\",\"contentUrl\":\"https:\/\/freemind.com.br\/blog\/wp-content\/uploads\/2025\/06\/logo-freemind-2019-preto.png\",\"width\":880,\"height\":541,\"caption\":\"Blog Freemind\"},\"image\":{\"@id\":\"http:\/\/freemind.com.br\/blog\/#\/schema\/logo\/image\/\"},\"sameAs\":[\"https:\/\/www.facebook.com\/EspiritoFreemind\/\",\"https:\/\/x.com\/FreemindBrasil\",\"https:\/\/www.instagram.com\/espiritofreemind\/\",\"https:\/\/www.youtube.com\/c\/EspiritoFreemind\"]},{\"@type\":\"Person\",\"@id\":\"http:\/\/freemind.com.br\/blog\/#\/schema\/person\/db59816e4f3908642eb2c6e23cfc7bf6\",\"name\":\"admin\",\"image\":{\"@type\":\"ImageObject\",\"inLanguage\":\"pt-BR\",\"@id\":\"https:\/\/secure.gravatar.com\/avatar\/b78f6e015f02cd09011240a2b9edefebf057a8a1cc0da07423f57640c3740aff?s=96&d=mm&r=g\",\"url\":\"https:\/\/secure.gravatar.com\/avatar\/b78f6e015f02cd09011240a2b9edefebf057a8a1cc0da07423f57640c3740aff?s=96&d=mm&r=g\",\"contentUrl\":\"https:\/\/secure.gravatar.com\/avatar\/b78f6e015f02cd09011240a2b9edefebf057a8a1cc0da07423f57640c3740aff?s=96&d=mm&r=g\",\"caption\":\"admin\"},\"sameAs\":[\"https:\/\/freemind.com.br\/blog\"],\"url\":\"https:\/\/freemind.com.br\/blog\/author\/admin\/\"}]}<\/script>\n<!-- \/ Yoast SEO plugin. -->","yoast_head_json":{"title":"Setembro Amarelo: preven\u00e7\u00e3o do suic\u00eddio e valoriza\u00e7\u00e3o da vida - Blog Freemind","description":"Setembro Amarelo: entenda a import\u00e2ncia da preven\u00e7\u00e3o do suic\u00eddio, da sa\u00fade mental e do di\u00e1logo para combater o estigma e valorizar a vida.","robots":{"index":"index","follow":"follow","max-snippet":"max-snippet:-1","max-image-preview":"max-image-preview:large","max-video-preview":"max-video-preview:-1"},"canonical":"https:\/\/freemind.com.br\/blog\/setembro-amarelo-prevencao-do-suicidio\/","og_locale":"pt_BR","og_type":"article","og_title":"Setembro Amarelo: preven\u00e7\u00e3o do suic\u00eddio e valoriza\u00e7\u00e3o da vida - Blog Freemind","og_description":"Setembro Amarelo: entenda a import\u00e2ncia da preven\u00e7\u00e3o do suic\u00eddio, da sa\u00fade mental e do di\u00e1logo para combater o estigma e valorizar a vida.","og_url":"https:\/\/freemind.com.br\/blog\/setembro-amarelo-prevencao-do-suicidio\/","og_site_name":"Blog Freemind","article_publisher":"https:\/\/www.facebook.com\/EspiritoFreemind\/","article_published_time":"2026-09-01T19:03:25+00:00","og_image":[{"width":2560,"height":1440,"url":"http:\/\/freemind.com.br\/blog\/wp-content\/uploads\/2026\/09\/blog-SETEMBRO-AMARELO-Campanha-Nacional-de-Conscientizacao-sobre-a-Prevencao-do-Suicidio-e-a-Valo.jpg-scaled.jpeg","type":"image\/jpeg"}],"author":"admin","twitter_card":"summary_large_image","twitter_creator":"@FreemindBrasil","twitter_site":"@FreemindBrasil","twitter_misc":{"Escrito por":"admin","Est. tempo de leitura":"5 minutos"},"schema":{"@context":"https:\/\/schema.org","@graph":[{"@type":"Article","@id":"https:\/\/freemind.com.br\/blog\/setembro-amarelo-prevencao-do-suicidio\/#article","isPartOf":{"@id":"https:\/\/freemind.com.br\/blog\/setembro-amarelo-prevencao-do-suicidio\/"},"author":{"name":"admin","@id":"http:\/\/freemind.com.br\/blog\/#\/schema\/person\/db59816e4f3908642eb2c6e23cfc7bf6"},"headline":"Setembro Amarelo: preven\u00e7\u00e3o do suic\u00eddio e valoriza\u00e7\u00e3o da vida","datePublished":"2026-09-01T19:03:25+00:00","mainEntityOfPage":{"@id":"https:\/\/freemind.com.br\/blog\/setembro-amarelo-prevencao-do-suicidio\/"},"wordCount":1058,"commentCount":0,"publisher":{"@id":"http:\/\/freemind.com.br\/blog\/#organization"},"image":{"@id":"https:\/\/freemind.com.br\/blog\/setembro-amarelo-prevencao-do-suicidio\/#primaryimage"},"thumbnailUrl":"https:\/\/freemind.com.br\/blog\/wp-content\/uploads\/2026\/09\/blog-SETEMBRO-AMARELO-Campanha-Nacional-de-Conscientizacao-sobre-a-Prevencao-do-Suicidio-e-a-Valo.jpg-scaled.jpeg","keywords":["Cuidado","Morte","Prevencao","Sa\u00fade Mental","Sil\u00eancio","Suic\u00eddio"],"articleSection":["Preven\u00e7\u00e3o","Sa\u00fade Mental"],"inLanguage":"pt-BR","potentialAction":[{"@type":"CommentAction","name":"Comment","target":["https:\/\/freemind.com.br\/blog\/setembro-amarelo-prevencao-do-suicidio\/#respond"]}]},{"@type":"WebPage","@id":"https:\/\/freemind.com.br\/blog\/setembro-amarelo-prevencao-do-suicidio\/","url":"https:\/\/freemind.com.br\/blog\/setembro-amarelo-prevencao-do-suicidio\/","name":"Setembro Amarelo: preven\u00e7\u00e3o do suic\u00eddio e valoriza\u00e7\u00e3o da vida - Blog Freemind","isPartOf":{"@id":"http:\/\/freemind.com.br\/blog\/#website"},"primaryImageOfPage":{"@id":"https:\/\/freemind.com.br\/blog\/setembro-amarelo-prevencao-do-suicidio\/#primaryimage"},"image":{"@id":"https:\/\/freemind.com.br\/blog\/setembro-amarelo-prevencao-do-suicidio\/#primaryimage"},"thumbnailUrl":"https:\/\/freemind.com.br\/blog\/wp-content\/uploads\/2026\/09\/blog-SETEMBRO-AMARELO-Campanha-Nacional-de-Conscientizacao-sobre-a-Prevencao-do-Suicidio-e-a-Valo.jpg-scaled.jpeg","datePublished":"2026-09-01T19:03:25+00:00","description":"Setembro Amarelo: entenda a import\u00e2ncia da preven\u00e7\u00e3o do suic\u00eddio, da sa\u00fade mental e do di\u00e1logo para combater o estigma e valorizar a vida.","breadcrumb":{"@id":"https:\/\/freemind.com.br\/blog\/setembro-amarelo-prevencao-do-suicidio\/#breadcrumb"},"inLanguage":"pt-BR","potentialAction":[{"@type":"ReadAction","target":["https:\/\/freemind.com.br\/blog\/setembro-amarelo-prevencao-do-suicidio\/"]}]},{"@type":"ImageObject","inLanguage":"pt-BR","@id":"https:\/\/freemind.com.br\/blog\/setembro-amarelo-prevencao-do-suicidio\/#primaryimage","url":"https:\/\/freemind.com.br\/blog\/wp-content\/uploads\/2026\/09\/blog-SETEMBRO-AMARELO-Campanha-Nacional-de-Conscientizacao-sobre-a-Prevencao-do-Suicidio-e-a-Valo.jpg-scaled.jpeg","contentUrl":"https:\/\/freemind.com.br\/blog\/wp-content\/uploads\/2026\/09\/blog-SETEMBRO-AMARELO-Campanha-Nacional-de-Conscientizacao-sobre-a-Prevencao-do-Suicidio-e-a-Valo.jpg-scaled.jpeg","width":2560,"height":1440},{"@type":"BreadcrumbList","@id":"https:\/\/freemind.com.br\/blog\/setembro-amarelo-prevencao-do-suicidio\/#breadcrumb","itemListElement":[{"@type":"ListItem","position":1,"name":"Home","item":"http:\/\/freemind.com.br\/blog\/"},{"@type":"ListItem","position":2,"name":"Setembro Amarelo: preven\u00e7\u00e3o do suic\u00eddio e valoriza\u00e7\u00e3o da vida"}]},{"@type":"WebSite","@id":"http:\/\/freemind.com.br\/blog\/#website","url":"http:\/\/freemind.com.br\/blog\/","name":"Blog Freemind","description":"Blog Freemind","publisher":{"@id":"http:\/\/freemind.com.br\/blog\/#organization"},"potentialAction":[{"@type":"SearchAction","target":{"@type":"EntryPoint","urlTemplate":"http:\/\/freemind.com.br\/blog\/?s={search_term_string}"},"query-input":{"@type":"PropertyValueSpecification","valueRequired":true,"valueName":"search_term_string"}}],"inLanguage":"pt-BR"},{"@type":"Organization","@id":"http:\/\/freemind.com.br\/blog\/#organization","name":"Blog Freemind","url":"http:\/\/freemind.com.br\/blog\/","logo":{"@type":"ImageObject","inLanguage":"pt-BR","@id":"http:\/\/freemind.com.br\/blog\/#\/schema\/logo\/image\/","url":"https:\/\/freemind.com.br\/blog\/wp-content\/uploads\/2025\/06\/logo-freemind-2019-preto.png","contentUrl":"https:\/\/freemind.com.br\/blog\/wp-content\/uploads\/2025\/06\/logo-freemind-2019-preto.png","width":880,"height":541,"caption":"Blog Freemind"},"image":{"@id":"http:\/\/freemind.com.br\/blog\/#\/schema\/logo\/image\/"},"sameAs":["https:\/\/www.facebook.com\/EspiritoFreemind\/","https:\/\/x.com\/FreemindBrasil","https:\/\/www.instagram.com\/espiritofreemind\/","https:\/\/www.youtube.com\/c\/EspiritoFreemind"]},{"@type":"Person","@id":"http:\/\/freemind.com.br\/blog\/#\/schema\/person\/db59816e4f3908642eb2c6e23cfc7bf6","name":"admin","image":{"@type":"ImageObject","inLanguage":"pt-BR","@id":"https:\/\/secure.gravatar.com\/avatar\/b78f6e015f02cd09011240a2b9edefebf057a8a1cc0da07423f57640c3740aff?s=96&d=mm&r=g","url":"https:\/\/secure.gravatar.com\/avatar\/b78f6e015f02cd09011240a2b9edefebf057a8a1cc0da07423f57640c3740aff?s=96&d=mm&r=g","contentUrl":"https:\/\/secure.gravatar.com\/avatar\/b78f6e015f02cd09011240a2b9edefebf057a8a1cc0da07423f57640c3740aff?s=96&d=mm&r=g","caption":"admin"},"sameAs":["https:\/\/freemind.com.br\/blog"],"url":"https:\/\/freemind.com.br\/blog\/author\/admin\/"}]}},"_links":{"self":[{"href":"https:\/\/freemind.com.br\/blog\/wp-json\/wp\/v2\/posts\/5862","targetHints":{"allow":["GET"]}}],"collection":[{"href":"https:\/\/freemind.com.br\/blog\/wp-json\/wp\/v2\/posts"}],"about":[{"href":"https:\/\/freemind.com.br\/blog\/wp-json\/wp\/v2\/types\/post"}],"author":[{"embeddable":true,"href":"https:\/\/freemind.com.br\/blog\/wp-json\/wp\/v2\/users\/1"}],"replies":[{"embeddable":true,"href":"https:\/\/freemind.com.br\/blog\/wp-json\/wp\/v2\/comments?post=5862"}],"version-history":[{"count":4,"href":"https:\/\/freemind.com.br\/blog\/wp-json\/wp\/v2\/posts\/5862\/revisions"}],"predecessor-version":[{"id":5867,"href":"https:\/\/freemind.com.br\/blog\/wp-json\/wp\/v2\/posts\/5862\/revisions\/5867"}],"wp:featuredmedia":[{"embeddable":true,"href":"https:\/\/freemind.com.br\/blog\/wp-json\/wp\/v2\/media\/5868"}],"wp:attachment":[{"href":"https:\/\/freemind.com.br\/blog\/wp-json\/wp\/v2\/media?parent=5862"}],"wp:term":[{"taxonomy":"category","embeddable":true,"href":"https:\/\/freemind.com.br\/blog\/wp-json\/wp\/v2\/categories?post=5862"},{"taxonomy":"post_tag","embeddable":true,"href":"https:\/\/freemind.com.br\/blog\/wp-json\/wp\/v2\/tags?post=5862"}],"curies":[{"name":"wp","href":"https:\/\/api.w.org\/{rel}","templated":true}]}}