{"id":5199,"date":"2026-03-11T17:32:16","date_gmt":"2026-03-11T20:32:16","guid":{"rendered":"https:\/\/freemind.com.br\/blog\/?p=5199"},"modified":"2026-03-11T17:32:16","modified_gmt":"2026-03-11T20:32:16","slug":"queda-consumo-alcool-jovens-industria","status":"publish","type":"post","link":"https:\/\/freemind.com.br\/blog\/queda-consumo-alcool-jovens-industria\/","title":{"rendered":"A ind\u00fastria do \u00e1lcool teme a nova gera\u00e7\u00e3o que bebe menos"},"content":{"rendered":"<p>&nbsp;<\/p>\n<p>Quando jovens mudam seus h\u00e1bitos, o mercado e a ind\u00fastria reagem. Mas nem sempre da forma que esperamos.<\/p>\n<p>Nos \u00faltimos anos, diversos estudos internacionais t\u00eam apontado uma tend\u00eancia significativa: jovens est\u00e3o consumindo menos <a href=\"https:\/\/freemind.com.br\/blog\/alcool-na-adolescencia-um-problema-que-precisa-de-enfrentamento-urgente\/\" target=\"_blank\" rel=\"noopener\">\u00e1lcool<\/a>. Esse movimento, observado em diferentes regi\u00f5es do mundo, representa um avan\u00e7o importante para a sa\u00fade p\u00fablica, refletindo mudan\u00e7as culturais, maior consci\u00eancia sobre bem-estar e novas prioridades das gera\u00e7\u00f5es mais jovens.<\/p>\n<p>Mas essa mudan\u00e7a tamb\u00e9m tem provocado uma rea\u00e7\u00e3o intensa por parte da ind\u00fastria do \u00e1lcool.<\/p>\n<p>Neste artigo provocativo e fundamentado em evid\u00eancias, Dra. Angelica Mar\u00eda Claro G\u00e1lvez, psic\u00f3loga, doutoranda em Sa\u00fade P\u00fablica pela Universidade Nacional da Col\u00f4mbia e gerente de Advocacy da Movendi International, analisa declara\u00e7\u00f5es p\u00fablicas e relat\u00f3rios da pr\u00f3pria ind\u00fastria para revelar como grandes empresas do setor t\u00eam respondido \u00e0 redu\u00e7\u00e3o do consumo entre jovens \u2014 e por que esse cen\u00e1rio torna urgente a ado\u00e7\u00e3o de pol\u00edticas p\u00fablicas baseadas em evid\u00eancias.<\/p>\n<p>A reflex\u00e3o proposta pela autora vai al\u00e9m da an\u00e1lise econ\u00f4mica ou mercadol\u00f3gica. Ela nos convida a observar um fen\u00f4meno mais profundo: uma disputa entre interesses comerciais e a prote\u00e7\u00e3o da sa\u00fade das novas gera\u00e7\u00f5es.<\/p>\n<blockquote><p><span style=\"color: #008000;\"><strong>Os jovens j\u00e1 come\u00e7aram a mudar o futuro. Agora cabe \u00e0s pol\u00edticas p\u00fablicas garantir que esse avan\u00e7o n\u00e3o seja interrompido pelos interesses da ind\u00fastria.<\/strong><\/span><\/p><\/blockquote>\n<p>Leia abaixo, na \u00edntegra, o texto que comp\u00f5e o debate internacional sobre preven\u00e7\u00e3o e pol\u00edticas de \u00e1lcool e \u00e9 publicado no blog do Freemind como uma contribui\u00e7\u00e3o essencial para ampliar o di\u00e1logo sobre sa\u00fade p\u00fablica, juventude e responsabilidade social.<\/p>\n<p>&nbsp;<\/p>\n<h2><span style=\"color: #008000;\"><em><strong>O QUE AS DECLARA\u00c7\u00d5ES DA IND\u00daSTRIA REVELAM: COMO A BIG ALCOHOL RESPONDE \u00c0 QUEDA NO CONSUMO ENTRE JOVENS E POR QUE A A\u00c7\u00c3O POL\u00cdTICA \u00c9 URGENTE<\/strong><\/em><\/span><\/h2>\n<p>Uma mudan\u00e7a geracional est\u00e1 em curso. Evid\u00eancias provenientes de diversas regi\u00f5es documentam um padr\u00e3o de queda no consumo de \u00e1lcool entre as gera\u00e7\u00f5es mais jovens, embora os n\u00edveis ainda permane\u00e7am inaceitavelmente elevados em muitos contextos (<a href=\"https:\/\/movendi.ngo\/science-digest\/declining-alcohol-use-in-adolescence-a-global-phenomenon\/\" target=\"_blank\" rel=\"noopener\">1<\/a>,2). Essa tend\u00eancia representa um avan\u00e7o para a sa\u00fade, o bem-estar e a autonomia das pessoas, refletindo mudan\u00e7as de valores entre os jovens.<\/p>\n<p>No entanto, esse desenvolvimento positivo desencadeou uma resposta agressiva por parte da ind\u00fastria do \u00e1lcool. Relat\u00f3rios financeiros demonstram preocupa\u00e7\u00e3o, n\u00e3o celebra\u00e7\u00e3o. A m\u00eddia especializada do setor discute abertamente uma crise estrutural. E executivos da ind\u00fastria t\u00eam feito declara\u00e7\u00f5es reveladoras sobre as amea\u00e7as que percebem nas mudan\u00e7as de comportamento das novas gera\u00e7\u00f5es.<\/p>\n<p>Com base em declara\u00e7\u00f5es da ind\u00fastria capturadas por monitoramento de m\u00eddia ao longo de 2024\u20132026, esta an\u00e1lise examina como a ind\u00fastria do \u00e1lcool tem respondido \u00e0 redu\u00e7\u00e3o do consumo entre jovens e o que essa resposta revela sobre a necessidade urgente de pol\u00edticas p\u00fablicas baseadas em evid\u00eancias que protejam os jovens da interfer\u00eancia comercial.<\/p>\n<h3><strong>A MUDAN\u00c7A GERACIONAL: PROGRESSO COM DESAFIOS PERSISTENTES<\/strong><\/h3>\n<p>Diversas an\u00e1lises indicam uma mudan\u00e7a positiva nas tend\u00eancias de consumo de \u00e1lcool, especialmente entre as gera\u00e7\u00f5es mais jovens. Evid\u00eancias de 22 pa\u00edses de baixa e m\u00e9dia renda mostraram que, embora o consumo entre adolescentes de 12 a 15 anos tenha permanecido est\u00e1vel em muitas na\u00e7\u00f5es, mais pa\u00edses registraram redu\u00e7\u00f5es significativas no uso de \u00e1lcool do que aumentos (<a href=\"https:\/\/movendi.ngo\/science-digest\/declining-alcohol-use-in-adolescence-a-global-phenomenon\/\" target=\"_blank\" rel=\"noopener\">1<\/a>). Esses padr\u00f5es de progresso, embora modestos em ritmo, demonstram um impulso encorajador.<\/p>\n<p>Ao mesmo tempo, o cen\u00e1rio global permanece complexo. Segundo o Relat\u00f3rio Global sobre \u00c1lcool e Sa\u00fade da OMS 2024, a preval\u00eancia global do consumo de \u00e1lcool entre jovens de 15 a 19 anos \u00e9 de 22%, \u00edndice considerado inaceitavelmente alto (2). Esse n\u00edvel permanece relativamente est\u00e1vel desde o ano 2000.<\/p>\n<p>Os fatores que impulsionam essa mudan\u00e7a emergente est\u00e3o sendo monitorados de perto por analistas de mercado que buscam compreender a \u201cpr\u00f3xima gera\u00e7\u00e3o de consumidores\u201d sob uma perspectiva estritamente comercial. A pesquisa Deloitte Global Gen Z and Millennial Survey 2025 identificou que 65% da Gera\u00e7\u00e3o Z demonstram disposi\u00e7\u00e3o para pagar mais por produtos ambientalmente sustent\u00e1veis, e 26% pesquisam ativamente o impacto ambiental das empresas antes de comprar (3). Um relat\u00f3rio da plataforma de vendas de \u00e1lcool Provi revelou que 86% dos consumidores da Gera\u00e7\u00e3o Z consideram sua sa\u00fade mental t\u00e3o importante quanto a sa\u00fade f\u00edsica ao tomar decis\u00f5es sobre consumo de \u00e1lcool (<a href=\"https:\/\/www.provi.com\/blog\/gen-z-drinking-habits-beverage-industry\" target=\"_blank\" rel=\"noopener\">4<\/a>).<\/p>\n<p>\u00c9 fundamental reconhecer que esses estudos s\u00e3o conduzidos por entidades com interesses comerciais no mercado de \u00e1lcool, analisando os jovens como um segmento a ser \u201ccapturado\u201d. Essa vigil\u00e2ncia comercial ilustra como a ind\u00fastria busca constantemente compreender e influenciar as gera\u00e7\u00f5es mais jovens, tratando seus valores como oportunidades de mercado.<\/p>\n<h3><strong>RESPOSTA DA IND\u00daSTRIA: ESTRAT\u00c9GIAS COORDENADAS PARA PROTEGER LUCROS<\/strong><\/h3>\n<p>A resposta da ind\u00fastria do \u00e1lcool \u00e0 redu\u00e7\u00e3o do consumo entre jovens revela preocupa\u00e7\u00e3o, n\u00e3o celebra\u00e7\u00e3o. As estrat\u00e9gias adotadas para proteger lucros incluem reivindicar cr\u00e9dito por redu\u00e7\u00f5es enquanto se op\u00f5em a mudan\u00e7as, construir narrativas que posicionam o \u00e1lcool como essencial \u00e0 conex\u00e3o social e intensificar t\u00e1ticas comerciais ao mesmo tempo em que bloqueiam pol\u00edticas baseadas em evid\u00eancias.<\/p>\n<h4><strong>Reivindicar cr\u00e9dito enquanto combate a queda<\/strong><\/h4>\n<p>Grupos de fachada da ind\u00fastria atribu\u00edram publicamente a redu\u00e7\u00e3o do consumo juvenil \u00e0s suas iniciativas educativas e volunt\u00e1rias. A International Alliance for Responsible Drinking (IARD), financiada pelos maiores produtores globais de \u00e1lcool, explorou tend\u00eancias positivas nos dados sobre jovens para argumentar que a\u00e7\u00f5es volunt\u00e1rias da ind\u00fastria s\u00e3o suficientes (<a href=\"https:\/\/bigalcohol.exposed\/iard-exploits-decline-in-youth-alcohol-use-to-whitewash-industry-image\/\" target=\"_blank\" rel=\"noopener\">5<\/a>).<\/p>\n<p>No M\u00e9xico, a Alianza Mexicana por un Consumo Moderado afirmou que as redu\u00e7\u00f5es registradas na pesquisa nacional ENCODAT 2025 foram resultado de seus programas educativos. Em artigo de janeiro de 2026, o grupo declarou que a queda no consumo entre adolescentes \u201creflete que informa\u00e7\u00e3o e educa\u00e7\u00e3o est\u00e3o funcionando\u201d, apresentando os resultados como evid\u00eancia da efic\u00e1cia de interven\u00e7\u00f5es corporativas (<a href=\"https:\/\/infosol.com.mx\/no-consumo-de-alcohol-en-menores-proposito-de-este-2026\/\" target=\"_blank\" rel=\"noopener\">6<\/a>).<\/p>\n<p>Essa narrativa foi explicitamente refor\u00e7ada em artigo de opini\u00e3o publicado em janeiro de 2026 no El Financiero, que afirmou:<\/p>\n<p>\u201cFinalmente, a educa\u00e7\u00e3o alcan\u00e7ou o que o Estado n\u00e3o conseguiu em d\u00e9cadas de aumento de impostos e imposi\u00e7\u00e3o de r\u00f3tulos de advert\u00eancia: reduzir significativamente o consumo de \u00e1lcool entre as novas gera\u00e7\u00f5es\u201d (<a href=\"https:\/\/www.elfinanciero.com.mx\/opinion\/oliver-galindo\/2026\/01\/27\/una-industria-del-alcohol-sin-alcohol\/\" target=\"_blank\" rel=\"noopener\">7<\/a>).<\/p>\n<p>Essa abordagem \u00e9 factualmente enganosa em m\u00faltiplos aspectos. No M\u00e9xico, embora existam avisos obrigat\u00f3rios nos r\u00f3tulos, pesquisas mostram que possuem caracter\u00edsticas estruturais que limitam severamente sua visibilidade \u2014 localiza\u00e7\u00f5es discretas, fontes pequenas e baixo contraste (<a href=\"https:\/\/www.researchgate.net\/publication\/399612174_Mandatory_Alcohol_Health_Warning_Labels_Limited_Visibility_Despite_High_Regulatory_Compliance_in_Mexico\" target=\"_blank\" rel=\"noopener\">8<\/a>). Al\u00e9m disso, a estrutura tribut\u00e1ria atual permite grande varia\u00e7\u00e3o de pre\u00e7os, tornando produtos com alto teor alco\u00f3lico altamente acess\u00edveis, especialmente para popula\u00e7\u00f5es de baixa e m\u00e9dia renda (9), contrariando princ\u00edpios tribut\u00e1rios baseados em evid\u00eancias de sa\u00fade p\u00fablica (10).<\/p>\n<p>A alega\u00e7\u00e3o de que essas medidas \u201cfalharam\u201d distorce a realidade, pois pol\u00edticas baseadas em evid\u00eancias nunca foram plenamente implementadas. Enquanto isso, evid\u00eancias substanciais demonstram que estrat\u00e9gias educativas lideradas pela ind\u00fastria n\u00e3o reduzem o consumo em n\u00edvel populacional e frequentemente funcionam como t\u00e1ticas pol\u00edticas para legitimar sua participa\u00e7\u00e3o em discuss\u00f5es de pol\u00edticas p\u00fablicas (<a href=\"https:\/\/bigalcohol.exposed\/iard-exploits-decline-in-youth-alcohol-use-to-whitewash-industry-image\/\" target=\"_blank\" rel=\"noopener\">5<\/a>).<\/p>\n<p>Esse padr\u00e3o \u2014 reivindicar cr\u00e9dito enquanto combate mudan\u00e7as \u2014 n\u00e3o \u00e9 exclusivo do M\u00e9xico. Embora celebrem publicamente a redu\u00e7\u00e3o do consumo, relat\u00f3rios financeiros revelam esfor\u00e7os intensivos para reverter a tend\u00eancia por meio da diversifica\u00e7\u00e3o de produtos, satura\u00e7\u00e3o digital, parcerias com entregas ultrarr\u00e1pidas e expans\u00e3o para mercados com menor regula\u00e7\u00e3o (11).<\/p>\n<h4><strong>Explorando a solid\u00e3o: posicionando o \u00e1lcool como solu\u00e7\u00e3o<\/strong><\/h4>\n<p>Talvez a resposta mais expl\u00edcita da ind\u00fastria tenha sido explorar o isolamento social e os desafios de sa\u00fade mental enfrentados pelos jovens, posicionando o \u00e1lcool como solu\u00e7\u00e3o.<\/p>\n<p>Em entrevista ao Financial Times em outubro de 2025, Dolf van den Brink, CEO da Heineken, afirmou:<\/p>\n<p>\u201cEm um tempo de solid\u00e3o e epidemia de sa\u00fade mental, o papel da cerveja em unir pessoas \u00e9 importante para o debate p\u00fablico\u201d (<a href=\"https:\/\/www.ft.com\/content\/e86d431e-ece0-4861-8858-de89b34a4332\" target=\"_blank\" rel=\"noopener\">12<\/a>).<\/p>\n<p>Van den Brink descreveu bebidas alco\u00f3licas como um \u201clubrificante social\u201d e argumentou que essa caracter\u00edstica deve desempenhar papel relevante no debate sobre danos relacionados ao \u00e1lcool (<a href=\"https:\/\/www.ft.com\/content\/e86d431e-ece0-4861-8858-de89b34a4332\" target=\"_blank\" rel=\"noopener\">12<\/a>).<\/p>\n<p>Declara\u00e7\u00e3o semelhante foi feita em janeiro de 2026 por Julian Braithwaite, CEO da IARD, que afirmou:<\/p>\n<p>\u201cO que pode ser prejudicial \u00e0 sa\u00fade\u2026 \u00e9 retirar-se completamente da vida social para evitar o \u00e1lcool\u201d (<a href=\"https:\/\/www.thedrinksbusiness.com\/2026\/01\/does-the-science-support-dry-january\/\" target=\"_blank\" rel=\"noopener\">13<\/a>).<\/p>\n<p>Essas declara\u00e7\u00f5es constroem uma narrativa circular que explora preocupa\u00e7\u00f5es reais enquanto inverte a realidade: jovens enfrentam solid\u00e3o e desafios de sa\u00fade mental; a ind\u00fastria afirma que o \u00e1lcool facilita conex\u00f5es sociais; portanto, evitar \u00e1lcool poderia aumentar o isolamento.<\/p>\n<p>Essa abordagem ignora realidades importantes. Evid\u00eancias mostram que novas formas de socializa\u00e7\u00e3o sem \u00e1lcool representam progresso, n\u00e3o defici\u00eancia. Al\u00e9m disso, a literatura cient\u00edfica demonstra que o uso de \u00e1lcool contribui para ansiedade e depress\u00e3o, em vez de alivi\u00e1-las (2).<\/p>\n<h4><strong>Intensifica\u00e7\u00e3o das estrat\u00e9gias comerciais e pol\u00edticas<\/strong><\/h4>\n<p>Al\u00e9m das narrativas, a ind\u00fastria intensificou estrat\u00e9gias para manter acesso ao mercado. A diversifica\u00e7\u00e3o para produtos sem \u00e1lcool ou com baixo teor alco\u00f3lico funciona principalmente como preserva\u00e7\u00e3o de marca, mantendo visibilidade cultural e caminhos para produtos tradicionais (11).<\/p>\n<p>A satura\u00e7\u00e3o digital aumentou, com promo\u00e7\u00f5es integradas a plataformas de streaming, marketing em redes sociais baseado em algoritmos e servi\u00e7os de entrega ultrarr\u00e1pida (11). Na Am\u00e9rica Latina, grandes produtores adotaram estrat\u00e9gias digitais agressivas, integrando conte\u00fados patrocinados e explorando eventos culturais como vitrines de marketing (<a href=\"https:\/\/bigalcohol.exposed\/intrusive-and-calculated-heineken-interrupts-netflix-to-push-beer-into-the-living-room\/\" target=\"_blank\" rel=\"noopener\">14<\/a>,<a href=\"https:\/\/bigalcohol.exposed\/heineken-exploits-social-media-engagement-to-fuel-harmful-alcohol-use-in-mexico\/\" target=\"_blank\" rel=\"noopener\">15<\/a>,<a href=\"https:\/\/bigalcohol.exposed\/cultural-heritage-hijacked-alcohol-giant-turns-medellins-flower-fair-into-an-alcohol-marketing-stage\/\" target=\"_blank\" rel=\"noopener\">16<\/a>).<\/p>\n<p>Simultaneamente, intensificou-se a interfer\u00eancia pol\u00edtica: uso de narrativas sobre com\u00e9rcio ilegal para bloquear impostos, questionamento da ci\u00eancia e oposi\u00e7\u00e3o a restri\u00e7\u00f5es de marketing (<a href=\"https:\/\/bigalcohol.exposed\/iard-exploits-decline-in-youth-alcohol-use-to-whitewash-industry-image\/\" target=\"_blank\" rel=\"noopener\">5<\/a>,11).<\/p>\n<h3><strong>TRANSFORMANDO MOMENTO EM A\u00c7\u00c3O POL\u00cdTICA<\/strong><\/h3>\n<p>Proteger e acelerar tend\u00eancias positivas exige implementa\u00e7\u00e3o imediata de pol\u00edticas baseadas em evid\u00eancias \u2014 aquelas que a ind\u00fastria se op\u00f5e h\u00e1 d\u00e9cadas.<\/p>\n<p>A resposta da ind\u00fastria demonstra que medidas volunt\u00e1rias s\u00e3o insuficientes. Jovens est\u00e3o redefinindo normas apesar da press\u00e3o comercial, n\u00e3o por causa dela.<\/p>\n<p>Solu\u00e7\u00f5es baseadas em evid\u00eancias existem: tributa\u00e7\u00e3o pr\u00f3-sa\u00fade reduz consumo populacional e protege jovens (10,<a href=\"https:\/\/movendi.ngo\/what-we-do\/advocacy\/advocacy-action-hub\/alcohol-taxation-advocacy-launchpad\/\" target=\"_blank\" rel=\"noopener\">17<\/a>); restri\u00e7\u00f5es abrangentes de marketing s\u00e3o essenciais na era digital (11); limites \u00e0 disponibilidade criam ambientes favor\u00e1veis ao consumo zero; e salvaguardas contra conflitos de interesse devem impedir participa\u00e7\u00e3o da ind\u00fastria na formula\u00e7\u00e3o de pol\u00edticas p\u00fablicas (<a href=\"https:\/\/bigalcohol.exposed\/iard-exploits-decline-in-youth-alcohol-use-to-whitewash-industry-image\/\" target=\"_blank\" rel=\"noopener\">5<\/a>).<\/p>\n<h3><strong>OS JOVENS EST\u00c3O LIDERANDO: A POL\u00cdTICA DEVE ACOMPANHAR<\/strong><\/h3>\n<p>A mudan\u00e7a j\u00e1 est\u00e1 acontecendo. Jovens n\u00e3o apenas bebem menos \u2014 tamb\u00e9m exp\u00f5em t\u00e1ticas da ind\u00fastria e exigem pol\u00edticas baseadas em evid\u00eancias.<\/p>\n<p>Na Noruega, a organiza\u00e7\u00e3o juvenil Juvente identificou que um em cada quatro menores consegue comprar \u00e1lcool apesar das restri\u00e7\u00f5es legais (<a href=\"https:\/\/movendi.ngo\/community-latest\/juvente-norway-campaigning-against-friday-beer-bought-by-kids\/\" target=\"_blank\" rel=\"noopener\">18<\/a>). J\u00e1 na Col\u00f4mbia, jovens expressaram frustra\u00e7\u00e3o por serem obrigados a usar uniformes esportivos com marcas de \u00e1lcool e na Am\u00e9rica Latina, redes juvenis como Alianza Juvenil e CREA Red mobilizam-se para desafiar narrativas da ind\u00fastria e defender pol\u00edticas de sa\u00fade p\u00fablica (19,20).<\/p>\n<p>Jovens n\u00e3o precisam da permiss\u00e3o da ind\u00fastria para viver sem \u00e1lcool. Eles exigem a\u00e7\u00e3o institucional.<\/p>\n<blockquote><p><span style=\"color: #008000;\"><strong>Este momento exige a\u00e7\u00e3o. Jovens est\u00e3o liderando. A evid\u00eancia cient\u00edfica \u00e9 clara. O caminho existe. \u00c9 hora de os formuladores de pol\u00edticas protegerem esse progresso com medidas baseadas em evid\u00eancias que priorizem a sa\u00fade acima dos interesses comerciais.<\/strong><\/span><\/p><\/blockquote>\n<p><strong>REFER\u00caNCIAS<\/strong><\/p>\n<ol>\n<li>Movendi International. Declining Alcohol Use in Adolescence: A Global Phenomenon? Stockholm: Movendi International; 2024. Available from: <a href=\"https:\/\/movendi.ngo\/science-digest\/declining-alcohol-use-in-adolescence-a-global-phenomenon\/\" target=\"_blank\" rel=\"noopener\">https:\/\/movendi.ngo\/science-digest\/declining-alcohol-use-in-adolescence-a-global-phenomenon\/<\/a><\/li>\n<li>World Health Organization. Global Status Report on Alcohol and Health and Treatment of Substance Use Disorders. Geneva: WHO; 2024.<\/li>\n<li>Deloitte. Deloitte Global&#8217;s 2025 Gen Z and Millennial Survey. London: Deloitte; 2025.<\/li>\n<li>World Finance, Provi. How Gen Z&#8217;s Drinking Habits Are Shaping the Future of Bev-Alc. 2024. Available from: <a href=\"https:\/\/www.provi.com\/blog\/gen-z-drinking-habits-beverage-industry\" target=\"_blank\" rel=\"noopener\">https:\/\/www.provi.com\/blog\/gen-z-drinking-habits-beverage-industry<\/a><\/li>\n<li>Movendi International. IARD Exploits Decline in Youth Alcohol Use to Whitewash Industry Image. Big Alcohol Exposed. 2025. Available from: <a href=\"https:\/\/bigalcohol.exposed\/iard-exploits-decline-in-youth-alcohol-use-to-whitewash-industry-image\/\" target=\"_blank\" rel=\"noopener\">https:\/\/bigalcohol.exposed\/iard-exploits-decline-in-youth-alcohol-use-to-whitewash-industry-image\/<\/a><\/li>\n<li>P\u00e9rez Lizaur AB. No consumo de alcohol en menores: prop\u00f3sito de este 2026. InfoSol. 2026 Jan 22. Available from: <a href=\"https:\/\/infosol.com.mx\/no-consumo-de-alcohol-en-menores-proposito-de-este-2026\/\" target=\"_blank\" rel=\"noopener\">https:\/\/infosol.com.mx\/no-consumo-de-alcohol-en-menores-proposito-de-este-2026\/<\/a><\/li>\n<li>Galindo O. \u00bfUna industria del alcohol\u2026 sin alcohol? El Financiero. 2026 Jan 27. Available from: <a href=\"https:\/\/www.elfinanciero.com.mx\/opinion\/oliver-galindo\/2026\/01\/27\/una-industria-del-alcohol-sin-alcohol\/\" target=\"_blank\" rel=\"noopener\">https:\/\/www.elfinanciero.com.mx\/opinion\/oliver-galindo\/2026\/01\/27\/una-industria-del-alcohol-sin-alcohol\/<\/a><\/li>\n<li>Hern\u00e1ndez-Llanes NF, Serna-Arreguin RA, Sabines-Torres JA, Bustos-Gami\u00f1o MN, Villatoro-Vel\u00e1zquez J. Mandatory Alcohol Health Warning Labels: Limited Visibility Despite High Regulatory Compliance in Mexico. 2024. DOI: 10.21203\/rs.3.rs-8469061\/v1. Available from: <a href=\"https:\/\/www.researchgate.net\/publication\/399612174_Mandatory_Alcohol_Health_Warning_Labels_Limited_Visibility_Despite_High_Regulatory_Compliance_in_Mexico\" target=\"_blank\" rel=\"noopener\">https:\/\/www.researchgate.net\/publication\/399612174_Mandatory_Alcohol_Health_Warning_Labels_Limited_Visibility_Despite_High_Regulatory_Compliance_in_Mexico<\/a><\/li>\n<li>Maldonado N, Ozer C, Veillard J. Reforming health taxes to improve Mexico&#8217;s health. Health Taxes Knowledge Note #8. Global Tax Program, World Bank. Washington, DC; 2025.<\/li>\n<li>World Health Organization. WHO Technical Manual on Alcohol Tax Policy and Administration. Geneva: WHO; 2023.<\/li>\n<li>D\u00fcnnbier M, Andersson P. A Web of Interference: How Big Alcohol Undermined Health Policy and Polluted Public Discourse in 2025. Big Alcohol Exposed Annual Report 2025. Stockholm: Movendi International; 2026.<\/li>\n<li>Speed M. Beer&#8217;s value as &#8216;social lubricant&#8217; is important in health debate: Heineken boss. Financial Times. 2025 Oct 24. Available from: <a href=\"https:\/\/www.ft.com\/content\/e86d431e-ece0-4861-8858-de89b34a4332\" target=\"_blank\" rel=\"noopener\">https:\/\/www.ft.com\/content\/e86d431e-ece0-4861-8858-de89b34a4332<\/a><\/li>\n<li>Schmitt P. Does the science support &#8216;Dry January&#8217;? The Drinks Business. 2026 Jan 27. Available from: <a href=\"https:\/\/www.thedrinksbusiness.com\/2026\/01\/does-the-science-support-dry-january\/\" target=\"_blank\" rel=\"noopener\">https:\/\/www.thedrinksbusiness.com\/2026\/01\/does-the-science-support-dry-january\/<\/a><\/li>\n<li>Movendi International. Intrusive and calculated \u2013 Heineken interrupts Netflix to push beer into the living room. Big Alcohol Exposed. 2025 Sep 8. Available from: <a href=\"https:\/\/bigalcohol.exposed\/intrusive-and-calculated-heineken-interrupts-netflix-to-push-beer-into-the-living-room\/\" target=\"_blank\" rel=\"noopener\">https:\/\/bigalcohol.exposed\/intrusive-and-calculated-heineken-interrupts-netflix-to-push-beer-into-the-living-room\/<\/a><\/li>\n<li>Movendi International. Heineken Exploits Social Media &#8220;Engagement&#8221; to Fuel High-Risk Alcohol Use in Mexico. Big Alcohol Exposed. 2025 Oct 31. Available from: <a href=\"https:\/\/bigalcohol.exposed\/heineken-exploits-social-media-engagement-to-fuel-harmful-alcohol-use-in-mexico\/\" target=\"_blank\" rel=\"noopener\">https:\/\/bigalcohol.exposed\/heineken-exploits-social-media-engagement-to-fuel-harmful-alcohol-use-in-mexico\/<\/a><\/li>\n<li>Movendi International. Cultural Heritage Hijacked \u2013 Alcohol Giant Turns Medell\u00edn&#8217;s Flower Fair Into an Alcohol Marketing Stage. Big Alcohol Exposed. 2025 Jul 11. Available from: <a href=\"https:\/\/bigalcohol.exposed\/cultural-heritage-hijacked-alcohol-giant-turns-medellins-flower-fair-into-an-alcohol-marketing-stage\/\" target=\"_blank\" rel=\"noopener\">https:\/\/bigalcohol.exposed\/cultural-heritage-hijacked-alcohol-giant-turns-medellins-flower-fair-into-an-alcohol-marketing-stage\/<\/a><\/li>\n<li>Movendi International. Alcohol Tax Advocacy Launchpad. Stockholm: Movendi International; 2024. Available from: <a href=\"https:\/\/movendi.ngo\/what-we-do\/advocacy\/advocacy-action-hub\/alcohol-taxation-advocacy-launchpad\/\" target=\"_blank\" rel=\"noopener\">https:\/\/movendi.ngo\/what-we-do\/advocacy\/advocacy-action-hub\/alcohol-taxation-advocacy-launchpad\/<\/a><\/li>\n<li>Movendi International. Juvente Norway: Campaigning Against &#8220;Friday Beer&#8221; Bought by Kids. 2024. Available from: <a href=\"https:\/\/movendi.ngo\/community-latest\/juvente-norway-campaigning-against-friday-beer-bought-by-kids\/\" target=\"_blank\" rel=\"noopener\">https:\/\/movendi.ngo\/community-latest\/juvente-norway-campaigning-against-friday-beer-bought-by-kids\/<\/a><\/li>\n<li>Alianza Juvenil. [Instagram: @alianzajuvenil_2020].<\/li>\n<li>CREA Red. [Instagram: @creared_].<br \/>\n<blockquote><p><strong>Gostou deste conte\u00fado?<\/strong><br \/>\nNo blog do Freemind voc\u00ea encontra reflex\u00f5es, evid\u00eancias cient\u00edficas e experi\u00eancias internacionais sobre preven\u00e7\u00e3o, tratamento e reinser\u00e7\u00e3o social.<\/p>\n<p>\ud83d\udc49 Continue explorando nossos artigos e compartilhe este conte\u00fado.<\/p><\/blockquote>\n<\/li>\n<\/ol>\n","protected":false},"excerpt":{"rendered":"<p>&nbsp; Quando jovens mudam seus h\u00e1bitos, o mercado e a ind\u00fastria reagem. Mas nem sempre da forma que esperamos. Nos \u00faltimos anos, diversos estudos internacionais t\u00eam apontado uma tend\u00eancia significativa: [&hellip;]<\/p>\n","protected":false},"author":1,"featured_media":5212,"comment_status":"open","ping_status":"open","sticky":false,"template":"","format":"standard","meta":{"breadcrumbs_single_post":"","page_title_panel":"","breadcrumbs_single_page":"","single_page_alignment":"","single_page_margin":"","page_structure_type":"","content_style_source":"","content_style":"","blog_post_streched_ed":"","blog_page_streched_ed":"","has_transparent_header":"","disable_transparent_header":"","vertical_spacing_source":"","content_area_spacing":"","single_post_content_background":"","single_page_content_background":"","single_post_boxed_content_spacing":"","single_page_boxed_content_spacing":"","single_post_content_boxed_radius":"","single_page_content_boxed_radius":"","disable_featured_image":"","disable_post_tags":"","disable_author_box":"","disable_posts_navigation":"","disable_comments":"","disable_related_posts":"","disable_header":"","disable_footer":"","footnotes":""},"categories":[2,5,6,8,16,4457,17],"tags":[198,892,1880,4461,4459,2329,4460,4458,3679],"class_list":["post-5199","post","type-post","status-publish","format-standard","has-post-thumbnail","hentry","category-alcoolismo","category-congresso-freemind","category-drogas","category-drogas-licitas","category-noticias","category-politicas-publicas","category-prevencao","tag-alcool","tag-congresso-freemind","tag-freemind","tag-geracao-z","tag-industria-do-alcool","tag-juventude","tag-politicas-sobre-alcool","tag-prevencao-ao-uso-de-alcool","tag-saude-publica","rishi-post"],"yoast_head":"<!-- This site is optimized with the Yoast SEO plugin v27.2 - https:\/\/yoast.com\/product\/yoast-seo-wordpress\/ -->\n<title>A ind\u00fastria do \u00e1lcool teme a nova gera\u00e7\u00e3o que bebe menos - Blog Freemind<\/title>\n<meta name=\"description\" content=\"A queda no consumo de \u00e1lcool entre jovens preocupa a ind\u00fastria. Entenda por que pol\u00edticas p\u00fablicas baseadas em evid\u00eancias s\u00e3o urgentes.\" \/>\n<meta name=\"robots\" content=\"index, follow, max-snippet:-1, max-image-preview:large, max-video-preview:-1\" \/>\n<link rel=\"canonical\" href=\"https:\/\/freemind.com.br\/blog\/queda-consumo-alcool-jovens-industria\/\" \/>\n<meta property=\"og:locale\" content=\"pt_BR\" \/>\n<meta property=\"og:type\" content=\"article\" \/>\n<meta property=\"og:title\" content=\"A ind\u00fastria do \u00e1lcool teme a nova gera\u00e7\u00e3o que bebe menos - Blog Freemind\" \/>\n<meta property=\"og:description\" content=\"A queda no consumo de \u00e1lcool entre jovens preocupa a ind\u00fastria. Entenda por que pol\u00edticas p\u00fablicas baseadas em evid\u00eancias s\u00e3o urgentes.\" \/>\n<meta property=\"og:url\" content=\"https:\/\/freemind.com.br\/blog\/queda-consumo-alcool-jovens-industria\/\" \/>\n<meta property=\"og:site_name\" content=\"Blog Freemind\" \/>\n<meta property=\"article:publisher\" content=\"https:\/\/www.facebook.com\/EspiritoFreemind\/\" \/>\n<meta property=\"article:published_time\" content=\"2026-03-11T20:32:16+00:00\" \/>\n<meta property=\"og:image\" content=\"https:\/\/freemind.com.br\/blog\/wp-content\/uploads\/2026\/03\/BLOG-Quando-os-jovens-mudam-seus-habitos-a-industria-reage.jpg.jpeg\" \/>\n\t<meta property=\"og:image:width\" content=\"2400\" \/>\n\t<meta property=\"og:image:height\" content=\"1350\" \/>\n\t<meta property=\"og:image:type\" content=\"image\/jpeg\" \/>\n<meta name=\"author\" content=\"admin\" \/>\n<meta name=\"twitter:card\" content=\"summary_large_image\" \/>\n<meta name=\"twitter:creator\" content=\"@FreemindBrasil\" \/>\n<meta name=\"twitter:site\" content=\"@FreemindBrasil\" \/>\n<meta name=\"twitter:label1\" content=\"Escrito por\" \/>\n\t<meta name=\"twitter:data1\" content=\"admin\" \/>\n\t<meta name=\"twitter:label2\" content=\"Est. tempo de leitura\" \/>\n\t<meta name=\"twitter:data2\" content=\"12 minutos\" \/>\n<script type=\"application\/ld+json\" class=\"yoast-schema-graph\">{\"@context\":\"https:\/\/schema.org\",\"@graph\":[{\"@type\":\"Article\",\"@id\":\"https:\/\/freemind.com.br\/blog\/queda-consumo-alcool-jovens-industria\/#article\",\"isPartOf\":{\"@id\":\"https:\/\/freemind.com.br\/blog\/queda-consumo-alcool-jovens-industria\/\"},\"author\":{\"name\":\"admin\",\"@id\":\"https:\/\/freemind.com.br\/blog\/#\/schema\/person\/db59816e4f3908642eb2c6e23cfc7bf6\"},\"headline\":\"A ind\u00fastria do \u00e1lcool teme a nova gera\u00e7\u00e3o que bebe menos\",\"datePublished\":\"2026-03-11T20:32:16+00:00\",\"mainEntityOfPage\":{\"@id\":\"https:\/\/freemind.com.br\/blog\/queda-consumo-alcool-jovens-industria\/\"},\"wordCount\":2435,\"commentCount\":0,\"publisher\":{\"@id\":\"https:\/\/freemind.com.br\/blog\/#organization\"},\"image\":{\"@id\":\"https:\/\/freemind.com.br\/blog\/queda-consumo-alcool-jovens-industria\/#primaryimage\"},\"thumbnailUrl\":\"https:\/\/freemind.com.br\/blog\/wp-content\/uploads\/2026\/03\/BLOG-Quando-os-jovens-mudam-seus-habitos-a-industria-reage.jpg.jpeg\",\"keywords\":[\"\u00c1lcool\",\"Congresso Freemind\",\"Freemind\",\"Gera\u00e7\u00e3o Z\",\"Ind\u00fastria do \u00e1lcool\",\"Juventude\",\"Pol\u00edticas sobre \u00e1lcool\",\"Preven\u00e7\u00e3o ao uso de \u00e1lcool\",\"Sa\u00fade p\u00fablica\"],\"articleSection\":[\"Alcoolismo\",\"Congresso Freemind\",\"Drogas\",\"Drogas L\u00edcitas\",\"Not\u00edcias\",\"Pol\u00edticas P\u00fablicas\",\"Preven\u00e7\u00e3o\"],\"inLanguage\":\"pt-BR\",\"potentialAction\":[{\"@type\":\"CommentAction\",\"name\":\"Comment\",\"target\":[\"https:\/\/freemind.com.br\/blog\/queda-consumo-alcool-jovens-industria\/#respond\"]}]},{\"@type\":\"WebPage\",\"@id\":\"https:\/\/freemind.com.br\/blog\/queda-consumo-alcool-jovens-industria\/\",\"url\":\"https:\/\/freemind.com.br\/blog\/queda-consumo-alcool-jovens-industria\/\",\"name\":\"A ind\u00fastria do \u00e1lcool teme a nova gera\u00e7\u00e3o que bebe menos - Blog Freemind\",\"isPartOf\":{\"@id\":\"https:\/\/freemind.com.br\/blog\/#website\"},\"primaryImageOfPage\":{\"@id\":\"https:\/\/freemind.com.br\/blog\/queda-consumo-alcool-jovens-industria\/#primaryimage\"},\"image\":{\"@id\":\"https:\/\/freemind.com.br\/blog\/queda-consumo-alcool-jovens-industria\/#primaryimage\"},\"thumbnailUrl\":\"https:\/\/freemind.com.br\/blog\/wp-content\/uploads\/2026\/03\/BLOG-Quando-os-jovens-mudam-seus-habitos-a-industria-reage.jpg.jpeg\",\"datePublished\":\"2026-03-11T20:32:16+00:00\",\"description\":\"A queda no consumo de \u00e1lcool entre jovens preocupa a ind\u00fastria. Entenda por que pol\u00edticas p\u00fablicas baseadas em evid\u00eancias s\u00e3o urgentes.\",\"breadcrumb\":{\"@id\":\"https:\/\/freemind.com.br\/blog\/queda-consumo-alcool-jovens-industria\/#breadcrumb\"},\"inLanguage\":\"pt-BR\",\"potentialAction\":[{\"@type\":\"ReadAction\",\"target\":[\"https:\/\/freemind.com.br\/blog\/queda-consumo-alcool-jovens-industria\/\"]}]},{\"@type\":\"ImageObject\",\"inLanguage\":\"pt-BR\",\"@id\":\"https:\/\/freemind.com.br\/blog\/queda-consumo-alcool-jovens-industria\/#primaryimage\",\"url\":\"https:\/\/freemind.com.br\/blog\/wp-content\/uploads\/2026\/03\/BLOG-Quando-os-jovens-mudam-seus-habitos-a-industria-reage.jpg.jpeg\",\"contentUrl\":\"https:\/\/freemind.com.br\/blog\/wp-content\/uploads\/2026\/03\/BLOG-Quando-os-jovens-mudam-seus-habitos-a-industria-reage.jpg.jpeg\",\"width\":2400,\"height\":1350,\"caption\":\"Queda no consumo de \u00e1lcool entre jovens preocupa a ind\u00fastria e refor\u00e7a a import\u00e2ncia de pol\u00edticas p\u00fablicas de preven\u00e7\u00e3o.\"},{\"@type\":\"BreadcrumbList\",\"@id\":\"https:\/\/freemind.com.br\/blog\/queda-consumo-alcool-jovens-industria\/#breadcrumb\",\"itemListElement\":[{\"@type\":\"ListItem\",\"position\":1,\"name\":\"Home\",\"item\":\"https:\/\/freemind.com.br\/blog\/\"},{\"@type\":\"ListItem\",\"position\":2,\"name\":\"A ind\u00fastria do \u00e1lcool teme a nova gera\u00e7\u00e3o que bebe menos\"}]},{\"@type\":\"WebSite\",\"@id\":\"https:\/\/freemind.com.br\/blog\/#website\",\"url\":\"https:\/\/freemind.com.br\/blog\/\",\"name\":\"Blog Freemind\",\"description\":\"Blog Freemind\",\"publisher\":{\"@id\":\"https:\/\/freemind.com.br\/blog\/#organization\"},\"potentialAction\":[{\"@type\":\"SearchAction\",\"target\":{\"@type\":\"EntryPoint\",\"urlTemplate\":\"https:\/\/freemind.com.br\/blog\/?s={search_term_string}\"},\"query-input\":{\"@type\":\"PropertyValueSpecification\",\"valueRequired\":true,\"valueName\":\"search_term_string\"}}],\"inLanguage\":\"pt-BR\"},{\"@type\":\"Organization\",\"@id\":\"https:\/\/freemind.com.br\/blog\/#organization\",\"name\":\"Blog Freemind\",\"url\":\"https:\/\/freemind.com.br\/blog\/\",\"logo\":{\"@type\":\"ImageObject\",\"inLanguage\":\"pt-BR\",\"@id\":\"https:\/\/freemind.com.br\/blog\/#\/schema\/logo\/image\/\",\"url\":\"https:\/\/freemind.com.br\/blog\/wp-content\/uploads\/2025\/06\/logo-freemind-2019-preto.png\",\"contentUrl\":\"https:\/\/freemind.com.br\/blog\/wp-content\/uploads\/2025\/06\/logo-freemind-2019-preto.png\",\"width\":880,\"height\":541,\"caption\":\"Blog Freemind\"},\"image\":{\"@id\":\"https:\/\/freemind.com.br\/blog\/#\/schema\/logo\/image\/\"},\"sameAs\":[\"https:\/\/www.facebook.com\/EspiritoFreemind\/\",\"https:\/\/x.com\/FreemindBrasil\",\"https:\/\/www.instagram.com\/espiritofreemind\/\",\"https:\/\/www.youtube.com\/c\/EspiritoFreemind\"]},{\"@type\":\"Person\",\"@id\":\"https:\/\/freemind.com.br\/blog\/#\/schema\/person\/db59816e4f3908642eb2c6e23cfc7bf6\",\"name\":\"admin\",\"image\":{\"@type\":\"ImageObject\",\"inLanguage\":\"pt-BR\",\"@id\":\"https:\/\/secure.gravatar.com\/avatar\/b78f6e015f02cd09011240a2b9edefebf057a8a1cc0da07423f57640c3740aff?s=96&d=mm&r=g\",\"url\":\"https:\/\/secure.gravatar.com\/avatar\/b78f6e015f02cd09011240a2b9edefebf057a8a1cc0da07423f57640c3740aff?s=96&d=mm&r=g\",\"contentUrl\":\"https:\/\/secure.gravatar.com\/avatar\/b78f6e015f02cd09011240a2b9edefebf057a8a1cc0da07423f57640c3740aff?s=96&d=mm&r=g\",\"caption\":\"admin\"},\"sameAs\":[\"https:\/\/freemind.com.br\/blog\"],\"url\":\"https:\/\/freemind.com.br\/blog\/author\/admin\/\"}]}<\/script>\n<!-- \/ Yoast SEO plugin. -->","yoast_head_json":{"title":"A ind\u00fastria do \u00e1lcool teme a nova gera\u00e7\u00e3o que bebe menos - Blog Freemind","description":"A queda no consumo de \u00e1lcool entre jovens preocupa a ind\u00fastria. Entenda por que pol\u00edticas p\u00fablicas baseadas em evid\u00eancias s\u00e3o urgentes.","robots":{"index":"index","follow":"follow","max-snippet":"max-snippet:-1","max-image-preview":"max-image-preview:large","max-video-preview":"max-video-preview:-1"},"canonical":"https:\/\/freemind.com.br\/blog\/queda-consumo-alcool-jovens-industria\/","og_locale":"pt_BR","og_type":"article","og_title":"A ind\u00fastria do \u00e1lcool teme a nova gera\u00e7\u00e3o que bebe menos - Blog Freemind","og_description":"A queda no consumo de \u00e1lcool entre jovens preocupa a ind\u00fastria. Entenda por que pol\u00edticas p\u00fablicas baseadas em evid\u00eancias s\u00e3o urgentes.","og_url":"https:\/\/freemind.com.br\/blog\/queda-consumo-alcool-jovens-industria\/","og_site_name":"Blog Freemind","article_publisher":"https:\/\/www.facebook.com\/EspiritoFreemind\/","article_published_time":"2026-03-11T20:32:16+00:00","og_image":[{"width":2400,"height":1350,"url":"https:\/\/freemind.com.br\/blog\/wp-content\/uploads\/2026\/03\/BLOG-Quando-os-jovens-mudam-seus-habitos-a-industria-reage.jpg.jpeg","type":"image\/jpeg"}],"author":"admin","twitter_card":"summary_large_image","twitter_creator":"@FreemindBrasil","twitter_site":"@FreemindBrasil","twitter_misc":{"Escrito por":"admin","Est. tempo de leitura":"12 minutos"},"schema":{"@context":"https:\/\/schema.org","@graph":[{"@type":"Article","@id":"https:\/\/freemind.com.br\/blog\/queda-consumo-alcool-jovens-industria\/#article","isPartOf":{"@id":"https:\/\/freemind.com.br\/blog\/queda-consumo-alcool-jovens-industria\/"},"author":{"name":"admin","@id":"https:\/\/freemind.com.br\/blog\/#\/schema\/person\/db59816e4f3908642eb2c6e23cfc7bf6"},"headline":"A ind\u00fastria do \u00e1lcool teme a nova gera\u00e7\u00e3o que bebe menos","datePublished":"2026-03-11T20:32:16+00:00","mainEntityOfPage":{"@id":"https:\/\/freemind.com.br\/blog\/queda-consumo-alcool-jovens-industria\/"},"wordCount":2435,"commentCount":0,"publisher":{"@id":"https:\/\/freemind.com.br\/blog\/#organization"},"image":{"@id":"https:\/\/freemind.com.br\/blog\/queda-consumo-alcool-jovens-industria\/#primaryimage"},"thumbnailUrl":"https:\/\/freemind.com.br\/blog\/wp-content\/uploads\/2026\/03\/BLOG-Quando-os-jovens-mudam-seus-habitos-a-industria-reage.jpg.jpeg","keywords":["\u00c1lcool","Congresso Freemind","Freemind","Gera\u00e7\u00e3o Z","Ind\u00fastria do \u00e1lcool","Juventude","Pol\u00edticas sobre \u00e1lcool","Preven\u00e7\u00e3o ao uso de \u00e1lcool","Sa\u00fade p\u00fablica"],"articleSection":["Alcoolismo","Congresso Freemind","Drogas","Drogas L\u00edcitas","Not\u00edcias","Pol\u00edticas P\u00fablicas","Preven\u00e7\u00e3o"],"inLanguage":"pt-BR","potentialAction":[{"@type":"CommentAction","name":"Comment","target":["https:\/\/freemind.com.br\/blog\/queda-consumo-alcool-jovens-industria\/#respond"]}]},{"@type":"WebPage","@id":"https:\/\/freemind.com.br\/blog\/queda-consumo-alcool-jovens-industria\/","url":"https:\/\/freemind.com.br\/blog\/queda-consumo-alcool-jovens-industria\/","name":"A ind\u00fastria do \u00e1lcool teme a nova gera\u00e7\u00e3o que bebe menos - Blog Freemind","isPartOf":{"@id":"https:\/\/freemind.com.br\/blog\/#website"},"primaryImageOfPage":{"@id":"https:\/\/freemind.com.br\/blog\/queda-consumo-alcool-jovens-industria\/#primaryimage"},"image":{"@id":"https:\/\/freemind.com.br\/blog\/queda-consumo-alcool-jovens-industria\/#primaryimage"},"thumbnailUrl":"https:\/\/freemind.com.br\/blog\/wp-content\/uploads\/2026\/03\/BLOG-Quando-os-jovens-mudam-seus-habitos-a-industria-reage.jpg.jpeg","datePublished":"2026-03-11T20:32:16+00:00","description":"A queda no consumo de \u00e1lcool entre jovens preocupa a ind\u00fastria. Entenda por que pol\u00edticas p\u00fablicas baseadas em evid\u00eancias s\u00e3o urgentes.","breadcrumb":{"@id":"https:\/\/freemind.com.br\/blog\/queda-consumo-alcool-jovens-industria\/#breadcrumb"},"inLanguage":"pt-BR","potentialAction":[{"@type":"ReadAction","target":["https:\/\/freemind.com.br\/blog\/queda-consumo-alcool-jovens-industria\/"]}]},{"@type":"ImageObject","inLanguage":"pt-BR","@id":"https:\/\/freemind.com.br\/blog\/queda-consumo-alcool-jovens-industria\/#primaryimage","url":"https:\/\/freemind.com.br\/blog\/wp-content\/uploads\/2026\/03\/BLOG-Quando-os-jovens-mudam-seus-habitos-a-industria-reage.jpg.jpeg","contentUrl":"https:\/\/freemind.com.br\/blog\/wp-content\/uploads\/2026\/03\/BLOG-Quando-os-jovens-mudam-seus-habitos-a-industria-reage.jpg.jpeg","width":2400,"height":1350,"caption":"Queda no consumo de \u00e1lcool entre jovens preocupa a ind\u00fastria e refor\u00e7a a import\u00e2ncia de pol\u00edticas p\u00fablicas de preven\u00e7\u00e3o."},{"@type":"BreadcrumbList","@id":"https:\/\/freemind.com.br\/blog\/queda-consumo-alcool-jovens-industria\/#breadcrumb","itemListElement":[{"@type":"ListItem","position":1,"name":"Home","item":"https:\/\/freemind.com.br\/blog\/"},{"@type":"ListItem","position":2,"name":"A ind\u00fastria do \u00e1lcool teme a nova gera\u00e7\u00e3o que bebe menos"}]},{"@type":"WebSite","@id":"https:\/\/freemind.com.br\/blog\/#website","url":"https:\/\/freemind.com.br\/blog\/","name":"Blog Freemind","description":"Blog Freemind","publisher":{"@id":"https:\/\/freemind.com.br\/blog\/#organization"},"potentialAction":[{"@type":"SearchAction","target":{"@type":"EntryPoint","urlTemplate":"https:\/\/freemind.com.br\/blog\/?s={search_term_string}"},"query-input":{"@type":"PropertyValueSpecification","valueRequired":true,"valueName":"search_term_string"}}],"inLanguage":"pt-BR"},{"@type":"Organization","@id":"https:\/\/freemind.com.br\/blog\/#organization","name":"Blog Freemind","url":"https:\/\/freemind.com.br\/blog\/","logo":{"@type":"ImageObject","inLanguage":"pt-BR","@id":"https:\/\/freemind.com.br\/blog\/#\/schema\/logo\/image\/","url":"https:\/\/freemind.com.br\/blog\/wp-content\/uploads\/2025\/06\/logo-freemind-2019-preto.png","contentUrl":"https:\/\/freemind.com.br\/blog\/wp-content\/uploads\/2025\/06\/logo-freemind-2019-preto.png","width":880,"height":541,"caption":"Blog Freemind"},"image":{"@id":"https:\/\/freemind.com.br\/blog\/#\/schema\/logo\/image\/"},"sameAs":["https:\/\/www.facebook.com\/EspiritoFreemind\/","https:\/\/x.com\/FreemindBrasil","https:\/\/www.instagram.com\/espiritofreemind\/","https:\/\/www.youtube.com\/c\/EspiritoFreemind"]},{"@type":"Person","@id":"https:\/\/freemind.com.br\/blog\/#\/schema\/person\/db59816e4f3908642eb2c6e23cfc7bf6","name":"admin","image":{"@type":"ImageObject","inLanguage":"pt-BR","@id":"https:\/\/secure.gravatar.com\/avatar\/b78f6e015f02cd09011240a2b9edefebf057a8a1cc0da07423f57640c3740aff?s=96&d=mm&r=g","url":"https:\/\/secure.gravatar.com\/avatar\/b78f6e015f02cd09011240a2b9edefebf057a8a1cc0da07423f57640c3740aff?s=96&d=mm&r=g","contentUrl":"https:\/\/secure.gravatar.com\/avatar\/b78f6e015f02cd09011240a2b9edefebf057a8a1cc0da07423f57640c3740aff?s=96&d=mm&r=g","caption":"admin"},"sameAs":["https:\/\/freemind.com.br\/blog"],"url":"https:\/\/freemind.com.br\/blog\/author\/admin\/"}]}},"_links":{"self":[{"href":"https:\/\/freemind.com.br\/blog\/wp-json\/wp\/v2\/posts\/5199","targetHints":{"allow":["GET"]}}],"collection":[{"href":"https:\/\/freemind.com.br\/blog\/wp-json\/wp\/v2\/posts"}],"about":[{"href":"https:\/\/freemind.com.br\/blog\/wp-json\/wp\/v2\/types\/post"}],"author":[{"embeddable":true,"href":"https:\/\/freemind.com.br\/blog\/wp-json\/wp\/v2\/users\/1"}],"replies":[{"embeddable":true,"href":"https:\/\/freemind.com.br\/blog\/wp-json\/wp\/v2\/comments?post=5199"}],"version-history":[{"count":11,"href":"https:\/\/freemind.com.br\/blog\/wp-json\/wp\/v2\/posts\/5199\/revisions"}],"predecessor-version":[{"id":5210,"href":"https:\/\/freemind.com.br\/blog\/wp-json\/wp\/v2\/posts\/5199\/revisions\/5210"}],"wp:featuredmedia":[{"embeddable":true,"href":"https:\/\/freemind.com.br\/blog\/wp-json\/wp\/v2\/media\/5212"}],"wp:attachment":[{"href":"https:\/\/freemind.com.br\/blog\/wp-json\/wp\/v2\/media?parent=5199"}],"wp:term":[{"taxonomy":"category","embeddable":true,"href":"https:\/\/freemind.com.br\/blog\/wp-json\/wp\/v2\/categories?post=5199"},{"taxonomy":"post_tag","embeddable":true,"href":"https:\/\/freemind.com.br\/blog\/wp-json\/wp\/v2\/tags?post=5199"}],"curies":[{"name":"wp","href":"https:\/\/api.w.org\/{rel}","templated":true}]}}